{"id":11753,"date":"2026-03-20T15:42:02","date_gmt":"2026-03-20T14:42:02","guid":{"rendered":"https:\/\/mirabel-campings.com\/?p=11753"},"modified":"2026-03-20T15:52:28","modified_gmt":"2026-03-20T14:52:28","slug":"blitzverkauf-neue-mobilheime-profitieren-sie-von-der-lagerraumung","status":"publish","type":"post","link":"https:\/\/mirabel-campings.com\/de\/vente-flash-mobil-homes-neufs-profitez-du-destockage\/","title":{"rendered":"Flash Sale Neue Mobilheime: Profitieren Sie von der Lagerr\u00e4umung!"},"content":{"rendered":"<p>Dies ist der perfekte Zeitpunkt, um zu einem g\u00fcnstigen Preis Eigent\u00fcmer Ihres Mobilheims zu werden!<\/p>\n\n\n\n<p>Die Mirabel-Campingpl\u00e4tze bieten Ihnen eine\u00a0<strong>au\u00dfergew\u00f6hnlicher Blitzverkauf<\/strong>\u00a0auf eine Auswahl von\u00a0<strong>neue Mobilheime IRM-Modelle 2024 und 2025<\/strong>, in der Lagerr\u00e4umung.<\/p>\n\n\n\n<p>\ud83d\udc49&nbsp;<strong>Reduzierte Preise<\/strong>&nbsp;auf neueren Modellen<br>\ud83d\udc49&nbsp;<strong>Begrenzte Mengen<\/strong>&nbsp;: Wer zuerst kommt, wird zuerst bedient!<br>\ud83d\udc49&nbsp;<strong>Lieferung und Installation an Ihrem Standort ab Juni 2026<\/strong><\/p>\n\n\n\n<p>Ob Sie von einem Familienwochenende oder einem langen Urlaub in v\u00f6lliger Freiheit tr\u00e4umen, dies ist die perfekte Gelegenheit, Ihre Pl\u00e4ne in die Tat umzusetzen.<\/p>\n\n\n\n<figure class=\"wp-block-image aligncenter size-full\"><img loading=\"lazy\" decoding=\"async\" width=\"650\" height=\"250\" src=\"https:\/\/mirabel-campings.com\/wp-content\/uploads\/2026\/03\/banniere-IRM.jpg\" alt=\"\" class=\"wp-image-11759\" srcset=\"https:\/\/mirabel-campings.com\/wp-content\/uploads\/2026\/03\/banniere-IRM.jpg 650w, https:\/\/mirabel-campings.com\/wp-content\/uploads\/2026\/03\/banniere-IRM-300x115.jpg 300w, https:\/\/mirabel-campings.com\/wp-content\/uploads\/2026\/03\/banniere-IRM-18x7.jpg 18w\" sizes=\"auto, (max-width: 650px) 100vw, 650px\" \/><\/figure>\n\n\n\n<hr class=\"wp-block-separator has-alpha-channel-opacity\"\/>\n\n\n\n<h2 class=\"wp-block-heading\">\ud83d\udcc5 Tag der offenen T\u00fcr: Besuchen Sie uns und planen Sie!<\/h2>\n\n\n\n<p>Wir nutzen diese Nachricht, um Ihnen von den IRM Habitat-Spezialtagen zu berichten. Wir treffen uns in Saint-Gilles-Croix-de Vie, um die neue Kollektion von Mobilheimen zu entdecken :<\/p>\n\n\n\n<p><strong>\ud83d\udccd Am 17. und 18. April 2026<br>\ud83d\udd59 Von 10 bis 18 Uhr<\/strong><\/p>\n\n\n\n<p>Auf dem Programm stehen:<br>\u2714\ufe0f Besuch von Mobilheimen<br>\u2714\ufe0f Pers\u00f6nliche Beratung<br>\u2714\ufe0f Exklusive Angebote vor Ort<\/p>\n\n\n\n<hr class=\"wp-block-separator has-alpha-channel-opacity\"\/>\n\n\n\n<h2 class=\"wp-block-heading\">\ud83d\udcac Interessiert? Lass uns \u00fcber dein Projekt sprechen!<\/h2>\n\n\n\n<p>Unsere Teams stehen Ihnen gerne zur Verf\u00fcgung, um Sie bei der Auswahl Ihres zuk\u00fcnftigen Mobilheims zu unterst\u00fctzen und Ihnen die verf\u00fcgbaren Modelle vorzustellen.<\/p>\n\n\n\n<p>\ud83d\udcde&nbsp;<strong>Kontaktieren Sie uns jetzt<\/strong>&nbsp;um mehr zu erfahren und Ihr Modell zu reservieren.<\/p>\n\n\n\n<p><\/p>","protected":false},"excerpt":{"rendered":"<p>C\u2019est le moment id\u00e9al pour devenir propri\u00e9taire de votre mobil-home \u00e0 prix doux ! Les campings Mirabel vous proposent une\u00a0vente [&hellip;]<\/p>\n","protected":false},"author":1,"featured_media":11756,"comment_status":"closed","ping_status":"closed","sticky":false,"template":"","format":"standard","meta":{"_seopress_robots_primary_cat":"none","_seopress_titles_title":"","_seopress_titles_desc":"","_seopress_robots_index":"","footnotes":""},"categories":[1],"tags":[],"class_list":["post-11753","post","type-post","status-publish","format-standard","has-post-thumbnail","hentry","category-non-classifiee"],"_links":{"self":[{"href":"https:\/\/mirabel-campings.com\/de\/wp-json\/wp\/v2\/posts\/11753","targetHints":{"allow":["GET"]}}],"collection":[{"href":"https:\/\/mirabel-campings.com\/de\/wp-json\/wp\/v2\/posts"}],"about":[{"href":"https:\/\/mirabel-campings.com\/de\/wp-json\/wp\/v2\/types\/post"}],"author":[{"embeddable":true,"href":"https:\/\/mirabel-campings.com\/de\/wp-json\/wp\/v2\/users\/1"}],"replies":[{"embeddable":true,"href":"https:\/\/mirabel-campings.com\/de\/wp-json\/wp\/v2\/comments?post=11753"}],"version-history":[{"count":3,"href":"https:\/\/mirabel-campings.com\/de\/wp-json\/wp\/v2\/posts\/11753\/revisions"}],"predecessor-version":[{"id":11760,"href":"https:\/\/mirabel-campings.com\/de\/wp-json\/wp\/v2\/posts\/11753\/revisions\/11760"}],"wp:featuredmedia":[{"embeddable":true,"href":"https:\/\/mirabel-campings.com\/de\/wp-json\/wp\/v2\/media\/11756"}],"wp:attachment":[{"href":"https:\/\/mirabel-campings.com\/de\/wp-json\/wp\/v2\/media?parent=11753"}],"wp:term":[{"taxonomy":"category","embeddable":true,"href":"https:\/\/mirabel-campings.com\/de\/wp-json\/wp\/v2\/categories?post=11753"},{"taxonomy":"post_tag","embeddable":true,"href":"https:\/\/mirabel-campings.com\/de\/wp-json\/wp\/v2\/tags?post=11753"}],"curies":[{"name":"wp","href":"https:\/\/api.w.org\/{rel}","templated":true}]}}