{"id":4353,"date":"2022-08-08T12:09:58","date_gmt":"2022-08-08T10:09:58","guid":{"rendered":"https:\/\/mirabel-campings.com\/?p=4353"},"modified":"2024-04-08T14:42:49","modified_gmt":"2024-04-08T12:42:49","slug":"deel-je-vakantiefotos","status":"publish","type":"post","link":"https:\/\/mirabel-campings.com\/nl\/partagez-vos-photos-de-vacances\/","title":{"rendered":"Deel je vakantiefoto's!"},"content":{"rendered":"<div class=\"wp-block-media-text alignwide has-media-on-the-right is-stacked-on-mobile\"><div class=\"wp-block-media-text__content\">\n<h2 class=\"wp-block-heading\">Deel je herinneringen met ons!<\/h2>\n\n\n\n<p>Deel de hele zomer lang je mooiste foto's van onze Mirabel-campings en -verblijven! <\/p>\n\n\n\n<p>Of je nu <strong>Normandi\u00eb, Bretagne of Pays de la Loire<\/strong>, laat ons leven <strong>uw vakantie<\/strong> dankzij je foto's en video's.<br>Vergeet niet om\u2019<strong>uw camping identificeren<\/strong> zodat we uw publicaties weer kunnen delen!<\/p>\n\n\n\n<p>Aan het einde van de zomer werd een <strong>fotogalerij<\/strong> worden samen met uw foto's op de website van elke camping geplaatst, zodat u de zomer nog wat langer kunt laten duren en uw herinneringen levend kunt houden!<\/p>\n\n\n\n<p>De <strong>sociale netwerken<\/strong> per camping, ga naar de <a href=\"https:\/\/mirabel-campings.com\/nl\/mirabel-en-sociale-netwerken\/\" target=\"_blank\" rel=\"noreferrer noopener\">Mirabel en sociale netwerken<\/a> !<\/p>\n<\/div><figure class=\"wp-block-media-text__media\"><img loading=\"lazy\" decoding=\"async\" width=\"595\" height=\"783\" src=\"https:\/\/mirabel-campings.com\/wp-content\/uploads\/2022\/08\/partagez-vos-photos.jpg\" alt=\"\" class=\"wp-image-4350 size-full\" srcset=\"https:\/\/mirabel-campings.com\/wp-content\/uploads\/2022\/08\/partagez-vos-photos.jpg 595w, https:\/\/mirabel-campings.com\/wp-content\/uploads\/2022\/08\/partagez-vos-photos-228x300.jpg 228w\" sizes=\"auto, (max-width: 595px) 100vw, 595px\" \/><\/figure><\/div>","protected":false},"excerpt":{"rendered":"<p>Partagez nous vos souvenirs ! Tout au long de l&rsquo;\u00e9t\u00e9, partagez vos plus belles photos dans nos Campings et R\u00e9sidences [&hellip;]<\/p>\n","protected":false},"author":1,"featured_media":4350,"comment_status":"closed","ping_status":"closed","sticky":false,"template":"","format":"standard","meta":{"_seopress_robots_primary_cat":"none","_seopress_titles_title":"Vos photos de vacances dans nos campings.","_seopress_titles_desc":"Partagez nous vos photos de vacances. Prenez vos plus belles photos et partagez les avec nous !","_seopress_robots_index":"","footnotes":""},"categories":[1],"tags":[],"class_list":["post-4353","post","type-post","status-publish","format-standard","has-post-thumbnail","hentry","category-non-classifiee"],"_links":{"self":[{"href":"https:\/\/mirabel-campings.com\/nl\/wp-json\/wp\/v2\/posts\/4353","targetHints":{"allow":["GET"]}}],"collection":[{"href":"https:\/\/mirabel-campings.com\/nl\/wp-json\/wp\/v2\/posts"}],"about":[{"href":"https:\/\/mirabel-campings.com\/nl\/wp-json\/wp\/v2\/types\/post"}],"author":[{"embeddable":true,"href":"https:\/\/mirabel-campings.com\/nl\/wp-json\/wp\/v2\/users\/1"}],"replies":[{"embeddable":true,"href":"https:\/\/mirabel-campings.com\/nl\/wp-json\/wp\/v2\/comments?post=4353"}],"version-history":[{"count":4,"href":"https:\/\/mirabel-campings.com\/nl\/wp-json\/wp\/v2\/posts\/4353\/revisions"}],"predecessor-version":[{"id":9003,"href":"https:\/\/mirabel-campings.com\/nl\/wp-json\/wp\/v2\/posts\/4353\/revisions\/9003"}],"wp:featuredmedia":[{"embeddable":true,"href":"https:\/\/mirabel-campings.com\/nl\/wp-json\/wp\/v2\/media\/4350"}],"wp:attachment":[{"href":"https:\/\/mirabel-campings.com\/nl\/wp-json\/wp\/v2\/media?parent=4353"}],"wp:term":[{"taxonomy":"category","embeddable":true,"href":"https:\/\/mirabel-campings.com\/nl\/wp-json\/wp\/v2\/categories?post=4353"},{"taxonomy":"post_tag","embeddable":true,"href":"https:\/\/mirabel-campings.com\/nl\/wp-json\/wp\/v2\/tags?post=4353"}],"curies":[{"name":"wp","href":"https:\/\/api.w.org\/{rel}","templated":true}]}}